{"id":1882,"date":"2021-02-08T11:31:33","date_gmt":"2021-02-08T14:31:33","guid":{"rendered":"https:\/\/giovanacarnavalli.com.br\/site\/?p=1882"},"modified":"2021-02-08T12:11:50","modified_gmt":"2021-02-08T15:11:50","slug":"averbacao-pre-executoria","status":"publish","type":"post","link":"https:\/\/carnavalliadvogados.com.br\/site\/averbacao-pre-executoria\/","title":{"rendered":"Averba\u00e7\u00e3o Pr\u00e9-Execut\u00f3ria"},"content":{"rendered":"<p>No final no m\u00eas de dezembro de 2020, os ministros do STF, julgaram seis a\u00e7\u00f5es diretas de inconstitucionalidade (ADIs 5.881, 5.886, 5.990, 5.925, 5.931 e 5.932) as quais versam sobre a compatibilidade com a CFRB\/88, art. 25 da Lei Federal n\u00ba 13.606\/18, que inseriu os artigos 20-B,\u00a73\u00ba, II, e 20-E na Lei 10.522\/02 possibilitando a Fazenda P\u00fablica a proceder \u00e0 averba\u00e7\u00e3o das certid\u00f5es de divida ativa nos \u00f3rg\u00e3os de registro de bens e direitos sujeitos a arresto e penhora com a finalidade de torn\u00e1-los indispon\u00edveis.<\/p>\n<p>Infelizmente, os ministros decidiram, por maioria, admitir a averba\u00e7\u00e3o pr\u00e9-execut\u00f3ria.<\/p>\n<p>A averba\u00e7\u00e3o \u00e9 um m\u00e9todo utilizado pela Fazenda P\u00fablica com a finalidade de anotar, nos \u00f3rg\u00e3os de registros de bens e direitos, a exist\u00eancia de d\u00e9bito inscrito em d\u00edvida ativa.<br \/>\nEm minha opini\u00e3o, estamos diante de mais uma SAN\u00c7\u00c3O POL\u00cdTICA.<\/p>\n<p>Apesar de o julgamento ter sido parcialmente procedente (pedido de indisponibilidade dos bens dos devedores foi negado), a pr\u00e9-anota\u00e7\u00e3o continuar\u00e1 sendo realizada, sob a alega\u00e7\u00e3o de dar publicidade a terceiros de boa f\u00e9 e ainda evitar fraudes \u00e0s execu\u00e7\u00f5es.<\/p>\n<p>Ocorre que nosso sistema jur\u00eddico possui diversas ferramentas LEGAIS, destinadas a evitar fraudes e ainda proteger terceiros de boa f\u00e9, v.g.: A\u00e7\u00e3o Cautelar Fiscal, art. 185_A do CTN e outros.<\/p>\n<p>A sensa\u00e7\u00e3o que tenho \u00e9 que a Fazenda busca \u201catalhos\u201d para atingir os cr\u00e9ditos que, diga-se de passagem, s\u00e3o dotados de \u201cpresun\u00e7\u00e3o\u201d de veracidade, devendo haver certeza, liquidez e exigibilidade, 783, CPC e 204, CTN.<\/p>\n<p>Dessa maneira entendo que estamos em meio a uma flagrante a restri\u00e7\u00e3o \u00e0 liberdade fundamental do exerc\u00edcio de atividades profissionais e econ\u00f4micas, visto que a Fazenda se utiliza de meios coercitivos para obten\u00e7\u00e3o do pagamento.<\/p>\n<p>Destaco as palavras do min. Marco Aur\u00e9lio: \u201c&#8230; qualquer interven\u00e7\u00e3o estatal excessiva implica em afronta ao pr\u00f3prio Estado Democr\u00e1tico de Direito consagrado no art. 1\u00ba da CRFB\/88.<\/p>\n<p>Infelizmente esta \u00e9 a nossa realidade. Estamos vivendo afronta n\u00e3o s\u00f3 ao pr\u00f3prio Estado Democr\u00e1tico de Direito, mas tamb\u00e9m a viola\u00e7\u00e3o dos princ\u00edpios constitucionais do contradit\u00f3rio, ampla defesa, do devido processo legal, da separa\u00e7\u00e3o dos poderes, inafastabilidade da jurisdi\u00e7\u00e3o, da seguran\u00e7a jur\u00eddica, da igualdade de chances e da efetividade da presta\u00e7\u00e3o jurisdicional.<\/p>\n<p><a href=\"https:\/\/portal.stf.jus.br\/noticias\/verNoticiaDetalhe.asp?idConteudo=456910&amp;ori=1\">https:\/\/portal.stf.jus.br\/noticias\/verNoticiaDetalhe.asp?idConteudo=456910&amp;ori=1 <\/a><br \/>\n<a href=\"https:\/\/www.gov.br\/agu\/pt-br\/comunicacao\/noticias\/stf-mantem-validade-de-averbacao-pre-executoria\">https:\/\/www.gov.br\/agu\/pt-br\/comunicacao\/noticias\/stf-mantem-validade-de-averbacao-pre-executoria<\/a><\/p>\n<div class=\"ms-editor-squiggler\" style=\"color: initial; font: initial; font-feature-settings: initial; font-kerning: initial; font-optical-sizing: initial; font-variation-settings: initial; forced-color-adjust: initial; text-orientation: initial; text-rendering: initial; -webkit-font-smoothing: initial; -webkit-locale: initial; -webkit-text-orientation: initial; -webkit-writing-mode: initial; writing-mode: initial; zoom: initial; place-content: initial; place-items: initial; place-self: initial; alignment-baseline: initial; animation: initial; appearance: initial; aspect-ratio: initial; backdrop-filter: initial; backface-visibility: initial; background: initial; background-blend-mode: initial; baseline-shift: initial; block-size: initial; border-block: initial; border: initial; border-radius: initial; border-collapse: initial; border-inline: initial; inset: initial; box-shadow: initial; box-sizing: initial; break-after: initial; break-before: initial; break-inside: initial; buffered-rendering: initial; caption-side: initial; caret-color: initial; clear: initial; clip: initial; clip-path: initial; clip-rule: initial; color-interpolation: initial; color-interpolation-filters: initial; color-rendering: initial; color-scheme: initial; columns: initial; column-fill: initial; gap: initial; column-rule: initial; column-span: initial; contain: initial; contain-intrinsic-size: initial; content: initial; content-visibility: initial; counter-increment: initial; counter-reset: initial; counter-set: initial; cursor: initial; cx: initial; cy: initial; d: initial; display: block; dominant-baseline: initial; empty-cells: initial; fill: initial; fill-opacity: initial; fill-rule: initial; filter: initial; flex: initial; flex-flow: initial; float: initial; flood-color: initial; flood-opacity: initial; grid: initial; grid-area: initial; height: initial; hyphens: initial; image-orientation: initial; image-rendering: initial; inline-size: initial; inset-block: initial; inset-inline: initial; isolation: initial; letter-spacing: initial; lighting-color: initial; line-break: initial; list-style: initial; margin-block: initial; margin: initial; margin-inline: initial; marker: initial; mask: initial; mask-type: initial; max-block-size: initial; max-height: initial; max-inline-size: initial; max-width: initial; min-block-size: initial; min-height: initial; min-inline-size: initial; min-width: initial; mix-blend-mode: initial; object-fit: initial; object-position: initial; offset: initial; opacity: initial; order: initial; origin-trial-test-property: initial; orphans: initial; outline: initial; outline-offset: initial; overflow-anchor: initial; overflow-wrap: initial; overflow: initial; overscroll-behavior-block: initial; overscroll-behavior-inline: initial; overscroll-behavior: initial; padding-block: initial; padding: initial; padding-inline: initial; page: initial; page-orientation: initial; paint-order: initial; perspective: initial; perspective-origin: initial; pointer-events: initial; position: initial; quotes: initial; r: initial; resize: initial; ruby-position: initial; rx: initial; ry: initial; scroll-behavior: initial; scroll-margin-block: initial; scroll-margin: initial; scroll-margin-inline: initial; scroll-padding-block: initial; scroll-padding: initial; scroll-padding-inline: initial; scroll-snap-align: initial; scroll-snap-stop: initial; scroll-snap-type: initial; shape-image-threshold: initial; shape-margin: initial; shape-outside: initial; shape-rendering: initial; size: initial; speak: initial; stop-color: initial; stop-opacity: initial; stroke: initial; stroke-dasharray: initial; stroke-dashoffset: initial; stroke-linecap: initial; stroke-linejoin: initial; stroke-miterlimit: initial; stroke-opacity: initial; stroke-width: initial; tab-size: initial; table-layout: initial; text-align: initial; text-align-last: initial; text-anchor: initial; text-combine-upright: initial; text-decoration: initial; text-decoration-skip-ink: initial; text-indent: initial; text-overflow: initial; text-shadow: initial; text-size-adjust: initial; text-transform: initial; text-underline-offset: initial; text-underline-position: initial; touch-action: initial; transform: initial; transform-box: initial; transform-origin: initial; transform-style: initial; transition: initial; user-select: initial; vector-effect: initial; vertical-align: initial; visibility: initial; -webkit-app-region: initial; border-spacing: initial; -webkit-border-image: initial; -webkit-box-align: initial; -webkit-box-decoration-break: initial; -webkit-box-direction: initial; -webkit-box-flex: initial; -webkit-box-ordinal-group: initial; -webkit-box-orient: initial; -webkit-box-pack: initial; -webkit-box-reflect: initial; -webkit-highlight: initial; -webkit-hyphenate-character: initial; -webkit-line-break: initial; -webkit-line-clamp: initial; -webkit-mask-box-image: initial; -webkit-mask: initial; -webkit-mask-composite: initial; -webkit-perspective-origin-x: initial; -webkit-perspective-origin-y: initial; -webkit-print-color-adjust: initial; -webkit-rtl-ordering: initial; -webkit-ruby-position: initial; -webkit-tap-highlight-color: initial; -webkit-text-combine: initial; -webkit-text-decorations-in-effect: initial; -webkit-text-emphasis: initial; -webkit-text-emphasis-position: initial; -webkit-text-fill-color: initial; -webkit-text-security: initial; -webkit-text-stroke: initial; -webkit-transform-origin-x: initial; -webkit-transform-origin-y: initial; -webkit-transform-origin-z: initial; -webkit-user-drag: initial; -webkit-user-modify: initial; white-space: initial; widows: initial; width: initial; will-change: initial; word-break: initial; word-spacing: initial; x: initial; y: initial; z-index: initial;\"><\/div>\n","protected":false},"excerpt":{"rendered":"<p>No final no m\u00eas de dezembro de 2020, os ministros do STF, julgaram seis a\u00e7\u00f5es diretas de inconstitucionalidade (ADIs 5.881, 5.886, 5.990, 5.925, 5.931 e 5.932) as quais versam sobre &#8230;<\/p>\n","protected":false},"author":1,"featured_media":1891,"comment_status":"open","ping_status":"open","sticky":false,"template":"","format":"standard","meta":{"footnotes":""},"categories":[50],"tags":[],"class_list":["post-1882","post","type-post","status-publish","format-standard","has-post-thumbnail","hentry","category-noticias-externas"],"_links":{"self":[{"href":"https:\/\/carnavalliadvogados.com.br\/site\/wp-json\/wp\/v2\/posts\/1882","targetHints":{"allow":["GET"]}}],"collection":[{"href":"https:\/\/carnavalliadvogados.com.br\/site\/wp-json\/wp\/v2\/posts"}],"about":[{"href":"https:\/\/carnavalliadvogados.com.br\/site\/wp-json\/wp\/v2\/types\/post"}],"author":[{"embeddable":true,"href":"https:\/\/carnavalliadvogados.com.br\/site\/wp-json\/wp\/v2\/users\/1"}],"replies":[{"embeddable":true,"href":"https:\/\/carnavalliadvogados.com.br\/site\/wp-json\/wp\/v2\/comments?post=1882"}],"version-history":[{"count":3,"href":"https:\/\/carnavalliadvogados.com.br\/site\/wp-json\/wp\/v2\/posts\/1882\/revisions"}],"predecessor-version":[{"id":1927,"href":"https:\/\/carnavalliadvogados.com.br\/site\/wp-json\/wp\/v2\/posts\/1882\/revisions\/1927"}],"wp:featuredmedia":[{"embeddable":true,"href":"https:\/\/carnavalliadvogados.com.br\/site\/wp-json\/wp\/v2\/media\/1891"}],"wp:attachment":[{"href":"https:\/\/carnavalliadvogados.com.br\/site\/wp-json\/wp\/v2\/media?parent=1882"}],"wp:term":[{"taxonomy":"category","embeddable":true,"href":"https:\/\/carnavalliadvogados.com.br\/site\/wp-json\/wp\/v2\/categories?post=1882"},{"taxonomy":"post_tag","embeddable":true,"href":"https:\/\/carnavalliadvogados.com.br\/site\/wp-json\/wp\/v2\/tags?post=1882"}],"curies":[{"name":"wp","href":"https:\/\/api.w.org\/{rel}","templated":true}]}}